{"id":5390,"date":"2026-07-17T13:07:15","date_gmt":"2026-07-17T13:07:15","guid":{"rendered":"https:\/\/museum-holzbildhauerei.ch\/?p=5390"},"modified":"2026-07-10T13:10:28","modified_gmt":"2026-07-10T13:10:28","slug":"meubles-sculptes","status":"publish","type":"post","link":"https:\/\/museum-holzbildhauerei.ch\/fr\/meubles-sculptes\/","title":{"rendered":"Meubles sculpt\u00e9s"},"content":{"rendered":"<p>Transformer des objets du quotidien en pi\u00e8ces exceptionnelles, qu&rsquo;ils soient orn\u00e9s dans un style classique ou personnalis\u00e9s dans un style moderne avec une touche d&rsquo;originalit\u00e9: les meubles sculpt\u00e9s conf\u00e8rent \u00e0 chaque int\u00e9rieur un cachet particulier. Le mus\u00e9e expose de superbes pi\u00e8ces!<\/p>\n","protected":false},"excerpt":{"rendered":"<p>Transformer des objets du quotidien en pi\u00e8ces exceptionnelles, qu&rsquo;ils soient orn\u00e9s dans un style classique ou personnalis\u00e9s dans un style moderne avec une touche d&rsquo;originalit\u00e9: les meubles sculpt\u00e9s conf\u00e8rent \u00e0 chaque int\u00e9rieur un cachet particulier. Le mus\u00e9e expose de superbes pi\u00e8ces!<\/p>\n","protected":false},"author":1,"featured_media":4656,"comment_status":"closed","ping_status":"closed","sticky":false,"template":"","format":"standard","meta":{"footnotes":""},"categories":[7],"tags":[],"class_list":["post-5390","post","type-post","status-publish","format-standard","has-post-thumbnail","hentry","category-non-classifiee"],"yoast_head":"<!-- This site is optimized with the Yoast SEO plugin v28.2 - https:\/\/yoast.com\/product\/yoast-seo-wordpress\/ -->\n<title>Meubles sculpt\u00e9s - Schweizer Holzbildhauerei Museum Brienz<\/title>\n<meta name=\"robots\" content=\"index, follow, max-snippet:-1, max-image-preview:large, max-video-preview:-1\" \/>\n<link rel=\"canonical\" href=\"https:\/\/museum-holzbildhauerei.ch\/fr\/meubles-sculptes\/\" \/>\n<meta property=\"og:locale\" content=\"fr_FR\" \/>\n<meta property=\"og:type\" content=\"article\" \/>\n<meta property=\"og:title\" content=\"Meubles sculpt\u00e9s - Schweizer Holzbildhauerei Museum Brienz\" \/>\n<meta property=\"og:description\" content=\"Transformer des objets du quotidien en pi\u00e8ces exceptionnelles, qu&rsquo;ils soient orn\u00e9s dans un style classique ou personnalis\u00e9s dans un style moderne avec une touche d&rsquo;originalit\u00e9: les meubles sculpt\u00e9s conf\u00e8rent \u00e0 chaque int\u00e9rieur un cachet particulier. Le mus\u00e9e expose de superbes pi\u00e8ces!\" \/>\n<meta property=\"og:url\" content=\"https:\/\/museum-holzbildhauerei.ch\/fr\/meubles-sculptes\/\" \/>\n<meta property=\"og:site_name\" content=\"Schweizer Holzbildhauerei Museum Brienz\" \/>\n<meta property=\"article:published_time\" content=\"2026-07-17T13:07:15+00:00\" \/>\n<meta property=\"og:image\" content=\"https:\/\/museum-holzbildhauerei.ch\/wp-content\/uploads\/2026\/04\/Museum-Brienz-Objekt-WEB-39-Baeren-Sessel-scaled.jpg\" \/>\n\t<meta property=\"og:image:width\" content=\"1792\" \/>\n\t<meta property=\"og:image:height\" content=\"2560\" \/>\n\t<meta property=\"og:image:type\" content=\"image\/jpeg\" \/>\n<meta name=\"author\" content=\"admin\" \/>\n<meta name=\"twitter:card\" content=\"summary_large_image\" \/>\n<meta name=\"twitter:label1\" content=\"\u00c9crit par\" \/>\n\t<meta name=\"twitter:data1\" content=\"admin\" \/>\n\t<meta name=\"twitter:label2\" content=\"Dur\u00e9e de lecture estim\u00e9e\" \/>\n\t<meta name=\"twitter:data2\" content=\"1 minute\" \/>\n<script type=\"application\/ld+json\" class=\"yoast-schema-graph\">{\"@context\":\"https:\\\/\\\/schema.org\",\"@graph\":[{\"@type\":\"Article\",\"@id\":\"https:\\\/\\\/museum-holzbildhauerei.ch\\\/fr\\\/meubles-sculptes\\\/#article\",\"isPartOf\":{\"@id\":\"https:\\\/\\\/museum-holzbildhauerei.ch\\\/fr\\\/meubles-sculptes\\\/\"},\"author\":{\"name\":\"admin\",\"@id\":\"https:\\\/\\\/museum-holzbildhauerei.ch\\\/fr\\\/#\\\/schema\\\/person\\\/e44a9f48e72900766541cfc5c2043cee\"},\"headline\":\"Meubles sculpt\u00e9s\",\"datePublished\":\"2026-07-17T13:07:15+00:00\",\"mainEntityOfPage\":{\"@id\":\"https:\\\/\\\/museum-holzbildhauerei.ch\\\/fr\\\/meubles-sculptes\\\/\"},\"wordCount\":53,\"publisher\":{\"@id\":\"https:\\\/\\\/museum-holzbildhauerei.ch\\\/fr\\\/#organization\"},\"image\":{\"@id\":\"https:\\\/\\\/museum-holzbildhauerei.ch\\\/fr\\\/meubles-sculptes\\\/#primaryimage\"},\"thumbnailUrl\":\"https:\\\/\\\/museum-holzbildhauerei.ch\\\/wp-content\\\/uploads\\\/2026\\\/04\\\/Museum-Brienz-Objekt-WEB-39-Baeren-Sessel-scaled.jpg\",\"articleSection\":[\"Non classifi\u00e9(e)\"],\"inLanguage\":\"fr-FR\"},{\"@type\":\"WebPage\",\"@id\":\"https:\\\/\\\/museum-holzbildhauerei.ch\\\/fr\\\/meubles-sculptes\\\/\",\"url\":\"https:\\\/\\\/museum-holzbildhauerei.ch\\\/fr\\\/meubles-sculptes\\\/\",\"name\":\"Meubles sculpt\u00e9s - Schweizer Holzbildhauerei Museum Brienz\",\"isPartOf\":{\"@id\":\"https:\\\/\\\/museum-holzbildhauerei.ch\\\/fr\\\/#website\"},\"primaryImageOfPage\":{\"@id\":\"https:\\\/\\\/museum-holzbildhauerei.ch\\\/fr\\\/meubles-sculptes\\\/#primaryimage\"},\"image\":{\"@id\":\"https:\\\/\\\/museum-holzbildhauerei.ch\\\/fr\\\/meubles-sculptes\\\/#primaryimage\"},\"thumbnailUrl\":\"https:\\\/\\\/museum-holzbildhauerei.ch\\\/wp-content\\\/uploads\\\/2026\\\/04\\\/Museum-Brienz-Objekt-WEB-39-Baeren-Sessel-scaled.jpg\",\"datePublished\":\"2026-07-17T13:07:15+00:00\",\"breadcrumb\":{\"@id\":\"https:\\\/\\\/museum-holzbildhauerei.ch\\\/fr\\\/meubles-sculptes\\\/#breadcrumb\"},\"inLanguage\":\"fr-FR\",\"potentialAction\":[{\"@type\":\"ReadAction\",\"target\":[\"https:\\\/\\\/museum-holzbildhauerei.ch\\\/fr\\\/meubles-sculptes\\\/\"]}]},{\"@type\":\"ImageObject\",\"inLanguage\":\"fr-FR\",\"@id\":\"https:\\\/\\\/museum-holzbildhauerei.ch\\\/fr\\\/meubles-sculptes\\\/#primaryimage\",\"url\":\"https:\\\/\\\/museum-holzbildhauerei.ch\\\/wp-content\\\/uploads\\\/2026\\\/04\\\/Museum-Brienz-Objekt-WEB-39-Baeren-Sessel-scaled.jpg\",\"contentUrl\":\"https:\\\/\\\/museum-holzbildhauerei.ch\\\/wp-content\\\/uploads\\\/2026\\\/04\\\/Museum-Brienz-Objekt-WEB-39-Baeren-Sessel-scaled.jpg\",\"width\":1792,\"height\":2560},{\"@type\":\"BreadcrumbList\",\"@id\":\"https:\\\/\\\/museum-holzbildhauerei.ch\\\/fr\\\/meubles-sculptes\\\/#breadcrumb\",\"itemListElement\":[{\"@type\":\"ListItem\",\"position\":1,\"name\":\"Startseite\",\"item\":\"https:\\\/\\\/museum-holzbildhauerei.ch\\\/fr\\\/\"},{\"@type\":\"ListItem\",\"position\":2,\"name\":\"Meubles sculpt\u00e9s\"}]},{\"@type\":\"WebSite\",\"@id\":\"https:\\\/\\\/museum-holzbildhauerei.ch\\\/fr\\\/#website\",\"url\":\"https:\\\/\\\/museum-holzbildhauerei.ch\\\/fr\\\/\",\"name\":\"Schweizer Holzbildhauerei Museum Brienz\",\"description\":\"Holzschnitzerei Handwerkskunst\",\"publisher\":{\"@id\":\"https:\\\/\\\/museum-holzbildhauerei.ch\\\/fr\\\/#organization\"},\"potentialAction\":[{\"@type\":\"SearchAction\",\"target\":{\"@type\":\"EntryPoint\",\"urlTemplate\":\"https:\\\/\\\/museum-holzbildhauerei.ch\\\/fr\\\/?s={search_term_string}\"},\"query-input\":{\"@type\":\"PropertyValueSpecification\",\"valueRequired\":true,\"valueName\":\"search_term_string\"}}],\"inLanguage\":\"fr-FR\"},{\"@type\":\"Organization\",\"@id\":\"https:\\\/\\\/museum-holzbildhauerei.ch\\\/fr\\\/#organization\",\"name\":\"Schweizer Holzbildhauerei Museum Brienz\",\"url\":\"https:\\\/\\\/museum-holzbildhauerei.ch\\\/fr\\\/\",\"logo\":{\"@type\":\"ImageObject\",\"inLanguage\":\"fr-FR\",\"@id\":\"https:\\\/\\\/museum-holzbildhauerei.ch\\\/fr\\\/#\\\/schema\\\/logo\\\/image\\\/\",\"url\":\"https:\\\/\\\/museum-holzbildhauerei.ch\\\/wp-content\\\/uploads\\\/2022\\\/05\\\/museum-holzbildhauerei-schweiz-brienz-SEO.jpg\",\"contentUrl\":\"https:\\\/\\\/museum-holzbildhauerei.ch\\\/wp-content\\\/uploads\\\/2022\\\/05\\\/museum-holzbildhauerei-schweiz-brienz-SEO.jpg\",\"width\":600,\"height\":600,\"caption\":\"Schweizer Holzbildhauerei Museum Brienz\"},\"image\":{\"@id\":\"https:\\\/\\\/museum-holzbildhauerei.ch\\\/fr\\\/#\\\/schema\\\/logo\\\/image\\\/\"}},{\"@type\":\"Person\",\"@id\":\"https:\\\/\\\/museum-holzbildhauerei.ch\\\/fr\\\/#\\\/schema\\\/person\\\/e44a9f48e72900766541cfc5c2043cee\",\"name\":\"admin\",\"image\":{\"@type\":\"ImageObject\",\"inLanguage\":\"fr-FR\",\"@id\":\"https:\\\/\\\/secure.gravatar.com\\\/avatar\\\/7c1dd34085d7bcf3a43ae3fb55cf8a4ecb9af19ceafb71bd73aeacf496d5eda5?s=96&d=mm&r=g\",\"url\":\"https:\\\/\\\/secure.gravatar.com\\\/avatar\\\/7c1dd34085d7bcf3a43ae3fb55cf8a4ecb9af19ceafb71bd73aeacf496d5eda5?s=96&d=mm&r=g\",\"contentUrl\":\"https:\\\/\\\/secure.gravatar.com\\\/avatar\\\/7c1dd34085d7bcf3a43ae3fb55cf8a4ecb9af19ceafb71bd73aeacf496d5eda5?s=96&d=mm&r=g\",\"caption\":\"admin\"},\"sameAs\":[\"https:\\\/\\\/museum-holzbildhauerei.ch\"],\"url\":\"https:\\\/\\\/museum-holzbildhauerei.ch\\\/fr\\\/author\\\/admin\\\/\"}]}<\/script>\n<!-- \/ Yoast SEO plugin. -->","yoast_head_json":{"title":"Meubles sculpt\u00e9s - Schweizer Holzbildhauerei Museum Brienz","robots":{"index":"index","follow":"follow","max-snippet":"max-snippet:-1","max-image-preview":"max-image-preview:large","max-video-preview":"max-video-preview:-1"},"canonical":"https:\/\/museum-holzbildhauerei.ch\/fr\/meubles-sculptes\/","og_locale":"fr_FR","og_type":"article","og_title":"Meubles sculpt\u00e9s - Schweizer Holzbildhauerei Museum Brienz","og_description":"Transformer des objets du quotidien en pi\u00e8ces exceptionnelles, qu&rsquo;ils soient orn\u00e9s dans un style classique ou personnalis\u00e9s dans un style moderne avec une touche d&rsquo;originalit\u00e9: les meubles sculpt\u00e9s conf\u00e8rent \u00e0 chaque int\u00e9rieur un cachet particulier. Le mus\u00e9e expose de superbes pi\u00e8ces!","og_url":"https:\/\/museum-holzbildhauerei.ch\/fr\/meubles-sculptes\/","og_site_name":"Schweizer Holzbildhauerei Museum Brienz","article_published_time":"2026-07-17T13:07:15+00:00","og_image":[{"width":1792,"height":2560,"url":"https:\/\/museum-holzbildhauerei.ch\/wp-content\/uploads\/2026\/04\/Museum-Brienz-Objekt-WEB-39-Baeren-Sessel-scaled.jpg","type":"image\/jpeg"}],"author":"admin","twitter_card":"summary_large_image","twitter_misc":{"\u00c9crit par":"admin","Dur\u00e9e de lecture estim\u00e9e":"1 minute"},"schema":{"@context":"https:\/\/schema.org","@graph":[{"@type":"Article","@id":"https:\/\/museum-holzbildhauerei.ch\/fr\/meubles-sculptes\/#article","isPartOf":{"@id":"https:\/\/museum-holzbildhauerei.ch\/fr\/meubles-sculptes\/"},"author":{"name":"admin","@id":"https:\/\/museum-holzbildhauerei.ch\/fr\/#\/schema\/person\/e44a9f48e72900766541cfc5c2043cee"},"headline":"Meubles sculpt\u00e9s","datePublished":"2026-07-17T13:07:15+00:00","mainEntityOfPage":{"@id":"https:\/\/museum-holzbildhauerei.ch\/fr\/meubles-sculptes\/"},"wordCount":53,"publisher":{"@id":"https:\/\/museum-holzbildhauerei.ch\/fr\/#organization"},"image":{"@id":"https:\/\/museum-holzbildhauerei.ch\/fr\/meubles-sculptes\/#primaryimage"},"thumbnailUrl":"https:\/\/museum-holzbildhauerei.ch\/wp-content\/uploads\/2026\/04\/Museum-Brienz-Objekt-WEB-39-Baeren-Sessel-scaled.jpg","articleSection":["Non classifi\u00e9(e)"],"inLanguage":"fr-FR"},{"@type":"WebPage","@id":"https:\/\/museum-holzbildhauerei.ch\/fr\/meubles-sculptes\/","url":"https:\/\/museum-holzbildhauerei.ch\/fr\/meubles-sculptes\/","name":"Meubles sculpt\u00e9s - Schweizer Holzbildhauerei Museum Brienz","isPartOf":{"@id":"https:\/\/museum-holzbildhauerei.ch\/fr\/#website"},"primaryImageOfPage":{"@id":"https:\/\/museum-holzbildhauerei.ch\/fr\/meubles-sculptes\/#primaryimage"},"image":{"@id":"https:\/\/museum-holzbildhauerei.ch\/fr\/meubles-sculptes\/#primaryimage"},"thumbnailUrl":"https:\/\/museum-holzbildhauerei.ch\/wp-content\/uploads\/2026\/04\/Museum-Brienz-Objekt-WEB-39-Baeren-Sessel-scaled.jpg","datePublished":"2026-07-17T13:07:15+00:00","breadcrumb":{"@id":"https:\/\/museum-holzbildhauerei.ch\/fr\/meubles-sculptes\/#breadcrumb"},"inLanguage":"fr-FR","potentialAction":[{"@type":"ReadAction","target":["https:\/\/museum-holzbildhauerei.ch\/fr\/meubles-sculptes\/"]}]},{"@type":"ImageObject","inLanguage":"fr-FR","@id":"https:\/\/museum-holzbildhauerei.ch\/fr\/meubles-sculptes\/#primaryimage","url":"https:\/\/museum-holzbildhauerei.ch\/wp-content\/uploads\/2026\/04\/Museum-Brienz-Objekt-WEB-39-Baeren-Sessel-scaled.jpg","contentUrl":"https:\/\/museum-holzbildhauerei.ch\/wp-content\/uploads\/2026\/04\/Museum-Brienz-Objekt-WEB-39-Baeren-Sessel-scaled.jpg","width":1792,"height":2560},{"@type":"BreadcrumbList","@id":"https:\/\/museum-holzbildhauerei.ch\/fr\/meubles-sculptes\/#breadcrumb","itemListElement":[{"@type":"ListItem","position":1,"name":"Startseite","item":"https:\/\/museum-holzbildhauerei.ch\/fr\/"},{"@type":"ListItem","position":2,"name":"Meubles sculpt\u00e9s"}]},{"@type":"WebSite","@id":"https:\/\/museum-holzbildhauerei.ch\/fr\/#website","url":"https:\/\/museum-holzbildhauerei.ch\/fr\/","name":"Schweizer Holzbildhauerei Museum Brienz","description":"Holzschnitzerei Handwerkskunst","publisher":{"@id":"https:\/\/museum-holzbildhauerei.ch\/fr\/#organization"},"potentialAction":[{"@type":"SearchAction","target":{"@type":"EntryPoint","urlTemplate":"https:\/\/museum-holzbildhauerei.ch\/fr\/?s={search_term_string}"},"query-input":{"@type":"PropertyValueSpecification","valueRequired":true,"valueName":"search_term_string"}}],"inLanguage":"fr-FR"},{"@type":"Organization","@id":"https:\/\/museum-holzbildhauerei.ch\/fr\/#organization","name":"Schweizer Holzbildhauerei Museum Brienz","url":"https:\/\/museum-holzbildhauerei.ch\/fr\/","logo":{"@type":"ImageObject","inLanguage":"fr-FR","@id":"https:\/\/museum-holzbildhauerei.ch\/fr\/#\/schema\/logo\/image\/","url":"https:\/\/museum-holzbildhauerei.ch\/wp-content\/uploads\/2022\/05\/museum-holzbildhauerei-schweiz-brienz-SEO.jpg","contentUrl":"https:\/\/museum-holzbildhauerei.ch\/wp-content\/uploads\/2022\/05\/museum-holzbildhauerei-schweiz-brienz-SEO.jpg","width":600,"height":600,"caption":"Schweizer Holzbildhauerei Museum Brienz"},"image":{"@id":"https:\/\/museum-holzbildhauerei.ch\/fr\/#\/schema\/logo\/image\/"}},{"@type":"Person","@id":"https:\/\/museum-holzbildhauerei.ch\/fr\/#\/schema\/person\/e44a9f48e72900766541cfc5c2043cee","name":"admin","image":{"@type":"ImageObject","inLanguage":"fr-FR","@id":"https:\/\/secure.gravatar.com\/avatar\/7c1dd34085d7bcf3a43ae3fb55cf8a4ecb9af19ceafb71bd73aeacf496d5eda5?s=96&d=mm&r=g","url":"https:\/\/secure.gravatar.com\/avatar\/7c1dd34085d7bcf3a43ae3fb55cf8a4ecb9af19ceafb71bd73aeacf496d5eda5?s=96&d=mm&r=g","contentUrl":"https:\/\/secure.gravatar.com\/avatar\/7c1dd34085d7bcf3a43ae3fb55cf8a4ecb9af19ceafb71bd73aeacf496d5eda5?s=96&d=mm&r=g","caption":"admin"},"sameAs":["https:\/\/museum-holzbildhauerei.ch"],"url":"https:\/\/museum-holzbildhauerei.ch\/fr\/author\/admin\/"}]}},"_links":{"self":[{"href":"https:\/\/museum-holzbildhauerei.ch\/fr\/wp-json\/wp\/v2\/posts\/5390","targetHints":{"allow":["GET"]}}],"collection":[{"href":"https:\/\/museum-holzbildhauerei.ch\/fr\/wp-json\/wp\/v2\/posts"}],"about":[{"href":"https:\/\/museum-holzbildhauerei.ch\/fr\/wp-json\/wp\/v2\/types\/post"}],"author":[{"embeddable":true,"href":"https:\/\/museum-holzbildhauerei.ch\/fr\/wp-json\/wp\/v2\/users\/1"}],"replies":[{"embeddable":true,"href":"https:\/\/museum-holzbildhauerei.ch\/fr\/wp-json\/wp\/v2\/comments?post=5390"}],"version-history":[{"count":1,"href":"https:\/\/museum-holzbildhauerei.ch\/fr\/wp-json\/wp\/v2\/posts\/5390\/revisions"}],"predecessor-version":[{"id":5391,"href":"https:\/\/museum-holzbildhauerei.ch\/fr\/wp-json\/wp\/v2\/posts\/5390\/revisions\/5391"}],"wp:featuredmedia":[{"embeddable":true,"href":"https:\/\/museum-holzbildhauerei.ch\/fr\/wp-json\/wp\/v2\/media\/4656"}],"wp:attachment":[{"href":"https:\/\/museum-holzbildhauerei.ch\/fr\/wp-json\/wp\/v2\/media?parent=5390"}],"wp:term":[{"taxonomy":"category","embeddable":true,"href":"https:\/\/museum-holzbildhauerei.ch\/fr\/wp-json\/wp\/v2\/categories?post=5390"},{"taxonomy":"post_tag","embeddable":true,"href":"https:\/\/museum-holzbildhauerei.ch\/fr\/wp-json\/wp\/v2\/tags?post=5390"}],"curies":[{"name":"wp","href":"https:\/\/api.w.org\/{rel}","templated":true}]}}