{"id":2046,"date":"2023-05-04T15:37:27","date_gmt":"2023-05-04T15:37:27","guid":{"rendered":"https:\/\/museum-holzbildhauerei.ch\/?p=2046"},"modified":"2023-05-04T15:51:43","modified_gmt":"2023-05-04T15:51:43","slug":"ouverture-de-la-saison-6-mai-2023","status":"publish","type":"post","link":"https:\/\/museum-holzbildhauerei.ch\/fr\/ouverture-de-la-saison-6-mai-2023\/","title":{"rendered":"OUVERTURE DE LA SAISON, 6 mai 2023"},"content":{"rendered":"<p>Nous avons d\u00fb attendre de nombreux mois avant de pouvoir vous accueillir \u00e0 nouveau au Mus\u00e9e suisse de la sculpture sur bois! Samedi prochain, nous aurons le plaisir de vous ouvrir les portes de l&rsquo;exposition collective remani\u00e9e et de la toute nouvelle exposition temporaire 2023 avec plus de 40 sculpteurs sur bois de Suisse &#8230; nous sommes impatients! \u00e0 bient\u00f4t &#8230;<\/p>\n","protected":false},"excerpt":{"rendered":"<p>Nous avons d\u00fb attendre de nombreux mois avant de pouvoir vous accueillir \u00e0 nouveau au Mus\u00e9e suisse de la sculpture sur bois! Samedi prochain, nous aurons le plaisir de vous ouvrir les portes de l&rsquo;exposition collective remani\u00e9e et de la toute nouvelle exposition temporaire 2023 avec plus de 40 sculpteurs sur bois de Suisse &#8230; nous sommes impatients! \u00e0 bient\u00f4t &#8230;<\/p>\n","protected":false},"author":1,"featured_media":1388,"comment_status":"closed","ping_status":"closed","sticky":false,"template":"","format":"standard","meta":{"footnotes":""},"categories":[7],"tags":[],"class_list":["post-2046","post","type-post","status-publish","format-standard","has-post-thumbnail","hentry","category-non-classifiee"],"yoast_head":"<!-- This site is optimized with the Yoast SEO plugin v27.3 - https:\/\/yoast.com\/product\/yoast-seo-wordpress\/ -->\n<title>OUVERTURE DE LA SAISON, 6 mai 2023 - Schweizer Holzbildhauerei Museum Brienz<\/title>\n<meta name=\"robots\" content=\"index, follow, max-snippet:-1, max-image-preview:large, max-video-preview:-1\" \/>\n<link rel=\"canonical\" href=\"https:\/\/museum-holzbildhauerei.ch\/fr\/ouverture-de-la-saison-6-mai-2023\/\" \/>\n<meta property=\"og:locale\" content=\"fr_FR\" \/>\n<meta property=\"og:type\" content=\"article\" \/>\n<meta property=\"og:title\" content=\"OUVERTURE DE LA SAISON, 6 mai 2023 - Schweizer Holzbildhauerei Museum Brienz\" \/>\n<meta property=\"og:description\" content=\"Nous avons d\u00fb attendre de nombreux mois avant de pouvoir vous accueillir \u00e0 nouveau au Mus\u00e9e suisse de la sculpture sur bois! Samedi prochain, nous aurons le plaisir de vous ouvrir les portes de l&rsquo;exposition collective remani\u00e9e et de la toute nouvelle exposition temporaire 2023 avec plus de 40 sculpteurs sur bois de Suisse &#8230; nous sommes impatients! \u00e0 bient\u00f4t &#8230;\" \/>\n<meta property=\"og:url\" content=\"https:\/\/museum-holzbildhauerei.ch\/fr\/ouverture-de-la-saison-6-mai-2023\/\" \/>\n<meta property=\"og:site_name\" content=\"Schweizer Holzbildhauerei Museum Brienz\" \/>\n<meta property=\"article:published_time\" content=\"2023-05-04T15:37:27+00:00\" \/>\n<meta property=\"article:modified_time\" content=\"2023-05-04T15:51:43+00:00\" \/>\n<meta property=\"og:image\" content=\"https:\/\/museum-holzbildhauerei.ch\/wp-content\/uploads\/2022\/11\/SHBM_Jobinoutside_FJ_023.jpg\" \/>\n\t<meta property=\"og:image:width\" content=\"2240\" \/>\n\t<meta property=\"og:image:height\" content=\"1488\" \/>\n\t<meta property=\"og:image:type\" content=\"image\/jpeg\" \/>\n<meta name=\"author\" content=\"admin\" \/>\n<meta name=\"twitter:card\" content=\"summary_large_image\" \/>\n<meta name=\"twitter:label1\" content=\"\u00c9crit par\" \/>\n\t<meta name=\"twitter:data1\" content=\"admin\" \/>\n\t<meta name=\"twitter:label2\" content=\"Dur\u00e9e de lecture estim\u00e9e\" \/>\n\t<meta name=\"twitter:data2\" content=\"1 minute\" \/>\n<script type=\"application\/ld+json\" class=\"yoast-schema-graph\">{\"@context\":\"https:\\\/\\\/schema.org\",\"@graph\":[{\"@type\":\"Article\",\"@id\":\"https:\\\/\\\/museum-holzbildhauerei.ch\\\/fr\\\/ouverture-de-la-saison-6-mai-2023\\\/#article\",\"isPartOf\":{\"@id\":\"https:\\\/\\\/museum-holzbildhauerei.ch\\\/fr\\\/ouverture-de-la-saison-6-mai-2023\\\/\"},\"author\":{\"name\":\"admin\",\"@id\":\"https:\\\/\\\/museum-holzbildhauerei.ch\\\/fr\\\/#\\\/schema\\\/person\\\/e44a9f48e72900766541cfc5c2043cee\"},\"headline\":\"OUVERTURE DE LA SAISON, 6 mai 2023\",\"datePublished\":\"2023-05-04T15:37:27+00:00\",\"dateModified\":\"2023-05-04T15:51:43+00:00\",\"mainEntityOfPage\":{\"@id\":\"https:\\\/\\\/museum-holzbildhauerei.ch\\\/fr\\\/ouverture-de-la-saison-6-mai-2023\\\/\"},\"wordCount\":64,\"publisher\":{\"@id\":\"https:\\\/\\\/museum-holzbildhauerei.ch\\\/fr\\\/#organization\"},\"image\":{\"@id\":\"https:\\\/\\\/museum-holzbildhauerei.ch\\\/fr\\\/ouverture-de-la-saison-6-mai-2023\\\/#primaryimage\"},\"thumbnailUrl\":\"https:\\\/\\\/museum-holzbildhauerei.ch\\\/wp-content\\\/uploads\\\/2022\\\/11\\\/SHBM_Jobinoutside_FJ_023.jpg\",\"articleSection\":[\"Non classifi\u00e9(e)\"],\"inLanguage\":\"fr-FR\"},{\"@type\":\"WebPage\",\"@id\":\"https:\\\/\\\/museum-holzbildhauerei.ch\\\/fr\\\/ouverture-de-la-saison-6-mai-2023\\\/\",\"url\":\"https:\\\/\\\/museum-holzbildhauerei.ch\\\/fr\\\/ouverture-de-la-saison-6-mai-2023\\\/\",\"name\":\"OUVERTURE DE LA SAISON, 6 mai 2023 - Schweizer Holzbildhauerei Museum Brienz\",\"isPartOf\":{\"@id\":\"https:\\\/\\\/museum-holzbildhauerei.ch\\\/fr\\\/#website\"},\"primaryImageOfPage\":{\"@id\":\"https:\\\/\\\/museum-holzbildhauerei.ch\\\/fr\\\/ouverture-de-la-saison-6-mai-2023\\\/#primaryimage\"},\"image\":{\"@id\":\"https:\\\/\\\/museum-holzbildhauerei.ch\\\/fr\\\/ouverture-de-la-saison-6-mai-2023\\\/#primaryimage\"},\"thumbnailUrl\":\"https:\\\/\\\/museum-holzbildhauerei.ch\\\/wp-content\\\/uploads\\\/2022\\\/11\\\/SHBM_Jobinoutside_FJ_023.jpg\",\"datePublished\":\"2023-05-04T15:37:27+00:00\",\"dateModified\":\"2023-05-04T15:51:43+00:00\",\"breadcrumb\":{\"@id\":\"https:\\\/\\\/museum-holzbildhauerei.ch\\\/fr\\\/ouverture-de-la-saison-6-mai-2023\\\/#breadcrumb\"},\"inLanguage\":\"fr-FR\",\"potentialAction\":[{\"@type\":\"ReadAction\",\"target\":[\"https:\\\/\\\/museum-holzbildhauerei.ch\\\/fr\\\/ouverture-de-la-saison-6-mai-2023\\\/\"]}]},{\"@type\":\"ImageObject\",\"inLanguage\":\"fr-FR\",\"@id\":\"https:\\\/\\\/museum-holzbildhauerei.ch\\\/fr\\\/ouverture-de-la-saison-6-mai-2023\\\/#primaryimage\",\"url\":\"https:\\\/\\\/museum-holzbildhauerei.ch\\\/wp-content\\\/uploads\\\/2022\\\/11\\\/SHBM_Jobinoutside_FJ_023.jpg\",\"contentUrl\":\"https:\\\/\\\/museum-holzbildhauerei.ch\\\/wp-content\\\/uploads\\\/2022\\\/11\\\/SHBM_Jobinoutside_FJ_023.jpg\",\"width\":2240,\"height\":1488},{\"@type\":\"BreadcrumbList\",\"@id\":\"https:\\\/\\\/museum-holzbildhauerei.ch\\\/fr\\\/ouverture-de-la-saison-6-mai-2023\\\/#breadcrumb\",\"itemListElement\":[{\"@type\":\"ListItem\",\"position\":1,\"name\":\"Startseite\",\"item\":\"https:\\\/\\\/museum-holzbildhauerei.ch\\\/fr\\\/\"},{\"@type\":\"ListItem\",\"position\":2,\"name\":\"OUVERTURE DE LA SAISON, 6 mai 2023\"}]},{\"@type\":\"WebSite\",\"@id\":\"https:\\\/\\\/museum-holzbildhauerei.ch\\\/fr\\\/#website\",\"url\":\"https:\\\/\\\/museum-holzbildhauerei.ch\\\/fr\\\/\",\"name\":\"Schweizer Holzbildhauerei Museum Brienz\",\"description\":\"Holzschnitzerei Handwerkskunst\",\"publisher\":{\"@id\":\"https:\\\/\\\/museum-holzbildhauerei.ch\\\/fr\\\/#organization\"},\"potentialAction\":[{\"@type\":\"SearchAction\",\"target\":{\"@type\":\"EntryPoint\",\"urlTemplate\":\"https:\\\/\\\/museum-holzbildhauerei.ch\\\/fr\\\/?s={search_term_string}\"},\"query-input\":{\"@type\":\"PropertyValueSpecification\",\"valueRequired\":true,\"valueName\":\"search_term_string\"}}],\"inLanguage\":\"fr-FR\"},{\"@type\":\"Organization\",\"@id\":\"https:\\\/\\\/museum-holzbildhauerei.ch\\\/fr\\\/#organization\",\"name\":\"Schweizer Holzbildhauerei Museum Brienz\",\"url\":\"https:\\\/\\\/museum-holzbildhauerei.ch\\\/fr\\\/\",\"logo\":{\"@type\":\"ImageObject\",\"inLanguage\":\"fr-FR\",\"@id\":\"https:\\\/\\\/museum-holzbildhauerei.ch\\\/fr\\\/#\\\/schema\\\/logo\\\/image\\\/\",\"url\":\"https:\\\/\\\/museum-holzbildhauerei.ch\\\/wp-content\\\/uploads\\\/2022\\\/05\\\/museum-holzbildhauerei-schweiz-brienz-SEO.jpg\",\"contentUrl\":\"https:\\\/\\\/museum-holzbildhauerei.ch\\\/wp-content\\\/uploads\\\/2022\\\/05\\\/museum-holzbildhauerei-schweiz-brienz-SEO.jpg\",\"width\":600,\"height\":600,\"caption\":\"Schweizer Holzbildhauerei Museum Brienz\"},\"image\":{\"@id\":\"https:\\\/\\\/museum-holzbildhauerei.ch\\\/fr\\\/#\\\/schema\\\/logo\\\/image\\\/\"}},{\"@type\":\"Person\",\"@id\":\"https:\\\/\\\/museum-holzbildhauerei.ch\\\/fr\\\/#\\\/schema\\\/person\\\/e44a9f48e72900766541cfc5c2043cee\",\"name\":\"admin\",\"image\":{\"@type\":\"ImageObject\",\"inLanguage\":\"fr-FR\",\"@id\":\"https:\\\/\\\/secure.gravatar.com\\\/avatar\\\/7c1dd34085d7bcf3a43ae3fb55cf8a4ecb9af19ceafb71bd73aeacf496d5eda5?s=96&d=mm&r=g\",\"url\":\"https:\\\/\\\/secure.gravatar.com\\\/avatar\\\/7c1dd34085d7bcf3a43ae3fb55cf8a4ecb9af19ceafb71bd73aeacf496d5eda5?s=96&d=mm&r=g\",\"contentUrl\":\"https:\\\/\\\/secure.gravatar.com\\\/avatar\\\/7c1dd34085d7bcf3a43ae3fb55cf8a4ecb9af19ceafb71bd73aeacf496d5eda5?s=96&d=mm&r=g\",\"caption\":\"admin\"},\"sameAs\":[\"https:\\\/\\\/museum-holzbildhauerei.ch\"],\"url\":\"https:\\\/\\\/museum-holzbildhauerei.ch\\\/fr\\\/author\\\/admin\\\/\"}]}<\/script>\n<!-- \/ Yoast SEO plugin. -->","yoast_head_json":{"title":"OUVERTURE DE LA SAISON, 6 mai 2023 - Schweizer Holzbildhauerei Museum Brienz","robots":{"index":"index","follow":"follow","max-snippet":"max-snippet:-1","max-image-preview":"max-image-preview:large","max-video-preview":"max-video-preview:-1"},"canonical":"https:\/\/museum-holzbildhauerei.ch\/fr\/ouverture-de-la-saison-6-mai-2023\/","og_locale":"fr_FR","og_type":"article","og_title":"OUVERTURE DE LA SAISON, 6 mai 2023 - Schweizer Holzbildhauerei Museum Brienz","og_description":"Nous avons d\u00fb attendre de nombreux mois avant de pouvoir vous accueillir \u00e0 nouveau au Mus\u00e9e suisse de la sculpture sur bois! Samedi prochain, nous aurons le plaisir de vous ouvrir les portes de l&rsquo;exposition collective remani\u00e9e et de la toute nouvelle exposition temporaire 2023 avec plus de 40 sculpteurs sur bois de Suisse &#8230; nous sommes impatients! \u00e0 bient\u00f4t &#8230;","og_url":"https:\/\/museum-holzbildhauerei.ch\/fr\/ouverture-de-la-saison-6-mai-2023\/","og_site_name":"Schweizer Holzbildhauerei Museum Brienz","article_published_time":"2023-05-04T15:37:27+00:00","article_modified_time":"2023-05-04T15:51:43+00:00","og_image":[{"width":2240,"height":1488,"url":"https:\/\/museum-holzbildhauerei.ch\/wp-content\/uploads\/2022\/11\/SHBM_Jobinoutside_FJ_023.jpg","type":"image\/jpeg"}],"author":"admin","twitter_card":"summary_large_image","twitter_misc":{"\u00c9crit par":"admin","Dur\u00e9e de lecture estim\u00e9e":"1 minute"},"schema":{"@context":"https:\/\/schema.org","@graph":[{"@type":"Article","@id":"https:\/\/museum-holzbildhauerei.ch\/fr\/ouverture-de-la-saison-6-mai-2023\/#article","isPartOf":{"@id":"https:\/\/museum-holzbildhauerei.ch\/fr\/ouverture-de-la-saison-6-mai-2023\/"},"author":{"name":"admin","@id":"https:\/\/museum-holzbildhauerei.ch\/fr\/#\/schema\/person\/e44a9f48e72900766541cfc5c2043cee"},"headline":"OUVERTURE DE LA SAISON, 6 mai 2023","datePublished":"2023-05-04T15:37:27+00:00","dateModified":"2023-05-04T15:51:43+00:00","mainEntityOfPage":{"@id":"https:\/\/museum-holzbildhauerei.ch\/fr\/ouverture-de-la-saison-6-mai-2023\/"},"wordCount":64,"publisher":{"@id":"https:\/\/museum-holzbildhauerei.ch\/fr\/#organization"},"image":{"@id":"https:\/\/museum-holzbildhauerei.ch\/fr\/ouverture-de-la-saison-6-mai-2023\/#primaryimage"},"thumbnailUrl":"https:\/\/museum-holzbildhauerei.ch\/wp-content\/uploads\/2022\/11\/SHBM_Jobinoutside_FJ_023.jpg","articleSection":["Non classifi\u00e9(e)"],"inLanguage":"fr-FR"},{"@type":"WebPage","@id":"https:\/\/museum-holzbildhauerei.ch\/fr\/ouverture-de-la-saison-6-mai-2023\/","url":"https:\/\/museum-holzbildhauerei.ch\/fr\/ouverture-de-la-saison-6-mai-2023\/","name":"OUVERTURE DE LA SAISON, 6 mai 2023 - Schweizer Holzbildhauerei Museum Brienz","isPartOf":{"@id":"https:\/\/museum-holzbildhauerei.ch\/fr\/#website"},"primaryImageOfPage":{"@id":"https:\/\/museum-holzbildhauerei.ch\/fr\/ouverture-de-la-saison-6-mai-2023\/#primaryimage"},"image":{"@id":"https:\/\/museum-holzbildhauerei.ch\/fr\/ouverture-de-la-saison-6-mai-2023\/#primaryimage"},"thumbnailUrl":"https:\/\/museum-holzbildhauerei.ch\/wp-content\/uploads\/2022\/11\/SHBM_Jobinoutside_FJ_023.jpg","datePublished":"2023-05-04T15:37:27+00:00","dateModified":"2023-05-04T15:51:43+00:00","breadcrumb":{"@id":"https:\/\/museum-holzbildhauerei.ch\/fr\/ouverture-de-la-saison-6-mai-2023\/#breadcrumb"},"inLanguage":"fr-FR","potentialAction":[{"@type":"ReadAction","target":["https:\/\/museum-holzbildhauerei.ch\/fr\/ouverture-de-la-saison-6-mai-2023\/"]}]},{"@type":"ImageObject","inLanguage":"fr-FR","@id":"https:\/\/museum-holzbildhauerei.ch\/fr\/ouverture-de-la-saison-6-mai-2023\/#primaryimage","url":"https:\/\/museum-holzbildhauerei.ch\/wp-content\/uploads\/2022\/11\/SHBM_Jobinoutside_FJ_023.jpg","contentUrl":"https:\/\/museum-holzbildhauerei.ch\/wp-content\/uploads\/2022\/11\/SHBM_Jobinoutside_FJ_023.jpg","width":2240,"height":1488},{"@type":"BreadcrumbList","@id":"https:\/\/museum-holzbildhauerei.ch\/fr\/ouverture-de-la-saison-6-mai-2023\/#breadcrumb","itemListElement":[{"@type":"ListItem","position":1,"name":"Startseite","item":"https:\/\/museum-holzbildhauerei.ch\/fr\/"},{"@type":"ListItem","position":2,"name":"OUVERTURE DE LA SAISON, 6 mai 2023"}]},{"@type":"WebSite","@id":"https:\/\/museum-holzbildhauerei.ch\/fr\/#website","url":"https:\/\/museum-holzbildhauerei.ch\/fr\/","name":"Schweizer Holzbildhauerei Museum Brienz","description":"Holzschnitzerei Handwerkskunst","publisher":{"@id":"https:\/\/museum-holzbildhauerei.ch\/fr\/#organization"},"potentialAction":[{"@type":"SearchAction","target":{"@type":"EntryPoint","urlTemplate":"https:\/\/museum-holzbildhauerei.ch\/fr\/?s={search_term_string}"},"query-input":{"@type":"PropertyValueSpecification","valueRequired":true,"valueName":"search_term_string"}}],"inLanguage":"fr-FR"},{"@type":"Organization","@id":"https:\/\/museum-holzbildhauerei.ch\/fr\/#organization","name":"Schweizer Holzbildhauerei Museum Brienz","url":"https:\/\/museum-holzbildhauerei.ch\/fr\/","logo":{"@type":"ImageObject","inLanguage":"fr-FR","@id":"https:\/\/museum-holzbildhauerei.ch\/fr\/#\/schema\/logo\/image\/","url":"https:\/\/museum-holzbildhauerei.ch\/wp-content\/uploads\/2022\/05\/museum-holzbildhauerei-schweiz-brienz-SEO.jpg","contentUrl":"https:\/\/museum-holzbildhauerei.ch\/wp-content\/uploads\/2022\/05\/museum-holzbildhauerei-schweiz-brienz-SEO.jpg","width":600,"height":600,"caption":"Schweizer Holzbildhauerei Museum Brienz"},"image":{"@id":"https:\/\/museum-holzbildhauerei.ch\/fr\/#\/schema\/logo\/image\/"}},{"@type":"Person","@id":"https:\/\/museum-holzbildhauerei.ch\/fr\/#\/schema\/person\/e44a9f48e72900766541cfc5c2043cee","name":"admin","image":{"@type":"ImageObject","inLanguage":"fr-FR","@id":"https:\/\/secure.gravatar.com\/avatar\/7c1dd34085d7bcf3a43ae3fb55cf8a4ecb9af19ceafb71bd73aeacf496d5eda5?s=96&d=mm&r=g","url":"https:\/\/secure.gravatar.com\/avatar\/7c1dd34085d7bcf3a43ae3fb55cf8a4ecb9af19ceafb71bd73aeacf496d5eda5?s=96&d=mm&r=g","contentUrl":"https:\/\/secure.gravatar.com\/avatar\/7c1dd34085d7bcf3a43ae3fb55cf8a4ecb9af19ceafb71bd73aeacf496d5eda5?s=96&d=mm&r=g","caption":"admin"},"sameAs":["https:\/\/museum-holzbildhauerei.ch"],"url":"https:\/\/museum-holzbildhauerei.ch\/fr\/author\/admin\/"}]}},"_links":{"self":[{"href":"https:\/\/museum-holzbildhauerei.ch\/fr\/wp-json\/wp\/v2\/posts\/2046","targetHints":{"allow":["GET"]}}],"collection":[{"href":"https:\/\/museum-holzbildhauerei.ch\/fr\/wp-json\/wp\/v2\/posts"}],"about":[{"href":"https:\/\/museum-holzbildhauerei.ch\/fr\/wp-json\/wp\/v2\/types\/post"}],"author":[{"embeddable":true,"href":"https:\/\/museum-holzbildhauerei.ch\/fr\/wp-json\/wp\/v2\/users\/1"}],"replies":[{"embeddable":true,"href":"https:\/\/museum-holzbildhauerei.ch\/fr\/wp-json\/wp\/v2\/comments?post=2046"}],"version-history":[{"count":1,"href":"https:\/\/museum-holzbildhauerei.ch\/fr\/wp-json\/wp\/v2\/posts\/2046\/revisions"}],"predecessor-version":[{"id":2047,"href":"https:\/\/museum-holzbildhauerei.ch\/fr\/wp-json\/wp\/v2\/posts\/2046\/revisions\/2047"}],"wp:featuredmedia":[{"embeddable":true,"href":"https:\/\/museum-holzbildhauerei.ch\/fr\/wp-json\/wp\/v2\/media\/1388"}],"wp:attachment":[{"href":"https:\/\/museum-holzbildhauerei.ch\/fr\/wp-json\/wp\/v2\/media?parent=2046"}],"wp:term":[{"taxonomy":"category","embeddable":true,"href":"https:\/\/museum-holzbildhauerei.ch\/fr\/wp-json\/wp\/v2\/categories?post=2046"},{"taxonomy":"post_tag","embeddable":true,"href":"https:\/\/museum-holzbildhauerei.ch\/fr\/wp-json\/wp\/v2\/tags?post=2046"}],"curies":[{"name":"wp","href":"https:\/\/api.w.org\/{rel}","templated":true}]}}